{"id":4592,"date":"2026-04-22T09:27:40","date_gmt":"2026-04-22T08:27:40","guid":{"rendered":"https:\/\/www.fenaco-gof.ch\/bio-ackerbautage-2026-wir-sind-dabei\/"},"modified":"2026-04-22T09:37:29","modified_gmt":"2026-04-22T08:37:29","slug":"bio-ackerbautage-2026-wir-sind-dabei","status":"publish","type":"post","link":"https:\/\/www.fenaco-gof.ch\/fr\/bio-ackerbautage-2026-wir-sind-dabei\/","title":{"rendered":"Journ\u00e9es Suisses des Grandes Cultures Bio 2026 &#8211; Nous sommes pr\u00e9sents !"},"content":{"rendered":"\n<p>Les Journ\u00e9es Suisses des Grandes Cultures Bio sont le rendez\u2011vous incontournable de l\u2019agriculture biologique en Suisse \u2013 pratiques, inspirantes et tourn\u00e9es vers l\u2019avenir. L\u2019\u00e9v\u00e9nement est accompagn\u00e9 et soutenu par le groupe fenaco-LANDI et r\u00e9unit des agricultrices et agriculteurs afin de favoriser de pr\u00e9cieux \u00e9changes entre la pratique, le conseil et la recherche.<\/p>\n\n\n\n<p>D\u00e9couvrez des sujets actuels tels que les syst\u00e8mes de culture, la s\u00e9lection des vari\u00e9t\u00e9s ou encore le travail du sol, directement sur place dans diff\u00e9rents postes sur le terrain. Cette ann\u00e9e, l\u2019accent est mis tout particuli\u00e8rement sur la fertilit\u00e9 des sols. Des conf\u00e9rences sp\u00e9cialis\u00e9es passionnantes, des d\u00e9monstrations de machines impressionnantes et un espace d\u2019exposition diversifi\u00e9 font de cette manifestation une v\u00e9ritable exp\u00e9rience. Pour le groupe fenaco\u2011LANDI, ce transfert de connaissances est essentiel afin de soutenir au mieux ses membres tout au long de la cha\u00eene de valeur agricole.<\/p>\n\n\n\n<p>Votre LANDI vous invite chaleureusement \u00e0 participer personnellement aux Journ\u00e9es Suisses des Grandes Cultures Bio et \u00e0 y trouver des sources d\u2019inspiration. Profitez de cette occasion pour approfondir vos connaissances et repartir avec de nouvelles id\u00e9es pour votre exploitation. Un bon repas est inclus dans cette \u00e9dition. Le samedi, un programme vari\u00e9 pour les enfants vous attend \u00e9galement sur notre stand \u2013 id\u00e9al pour une visite en famille.<\/p>\n\n\n\n<p>Vous trouverez de plus amples informations sur : <a href=\"https:\/\/fr.bioackerbautag.ch\/\" target=\"_blank\" rel=\"noopener\"><strong>www.fr.bioackerbautag.ch<\/strong><\/a><\/p>\n\n\n\n<p>Nous nous r\u00e9jouissons beaucoup de votre visite !<\/p>\n\n\n\n<div style=\"height:100px\" aria-hidden=\"true\" class=\"wp-block-spacer\"><\/div>\n\n\n\n<figure class=\"wp-block-image size-large\"><img loading=\"lazy\" decoding=\"async\" width=\"824\" height=\"1024\" src=\"https:\/\/www.fenaco-gof.ch\/wp-content\/uploads\/2026\/04\/AGROaktuell_Flyer_neu_FR-824x1024.jpg\" alt=\"\" class=\"wp-image-4591\" srcset=\"https:\/\/www.fenaco-gof.ch\/wp-content\/uploads\/2026\/04\/AGROaktuell_Flyer_neu_FR-824x1024.jpg 824w, https:\/\/www.fenaco-gof.ch\/wp-content\/uploads\/2026\/04\/AGROaktuell_Flyer_neu_FR-242x300.jpg 242w, https:\/\/www.fenaco-gof.ch\/wp-content\/uploads\/2026\/04\/AGROaktuell_Flyer_neu_FR-768x954.jpg 768w, https:\/\/www.fenaco-gof.ch\/wp-content\/uploads\/2026\/04\/AGROaktuell_Flyer_neu_FR.jpg 900w\" sizes=\"auto, (max-width: 824px) 100vw, 824px\" \/><\/figure>\n","protected":false},"excerpt":{"rendered":"<p>Les Journ\u00e9es Suisses des Grandes Cultures Bio sont le rendez\u2011vous incontournable de l\u2019agriculture biologique en Suisse \u2013 pratiques, inspirantes et tourn\u00e9es vers l\u2019avenir. L&rsquo;\u00e9v\u00e9nement aura lieu du 19 au 20 juin \u00e0 Diessenhofen (TG) et est accompagn\u00e9 et soutenu aussi par nous et r\u00e9unit des agricultrices et agriculteurs afin de favoriser de pr\u00e9cieux \u00e9changes entre la pratique, le conseil et la recherche.<\/p>\n","protected":false},"author":4,"featured_media":0,"comment_status":"open","ping_status":"open","sticky":false,"template":"","format":"standard","meta":{"_acf_changed":false,"inline_featured_image":false,"_genesis_hide_title":false,"_genesis_hide_breadcrumbs":false,"_genesis_hide_singular_image":false,"_genesis_hide_footer_widgets":false,"_genesis_custom_body_class":"","_genesis_custom_post_class":"","_genesis_layout":"","footnotes":""},"categories":[53],"tags":[],"class_list":{"0":"post-4592","1":"post","2":"type-post","3":"status-publish","4":"format-standard","6":"category-bio-fr","7":"entry"},"acf":[],"_links":{"self":[{"href":"https:\/\/www.fenaco-gof.ch\/fr\/wp-json\/wp\/v2\/posts\/4592","targetHints":{"allow":["GET"]}}],"collection":[{"href":"https:\/\/www.fenaco-gof.ch\/fr\/wp-json\/wp\/v2\/posts"}],"about":[{"href":"https:\/\/www.fenaco-gof.ch\/fr\/wp-json\/wp\/v2\/types\/post"}],"author":[{"embeddable":true,"href":"https:\/\/www.fenaco-gof.ch\/fr\/wp-json\/wp\/v2\/users\/4"}],"replies":[{"embeddable":true,"href":"https:\/\/www.fenaco-gof.ch\/fr\/wp-json\/wp\/v2\/comments?post=4592"}],"version-history":[{"count":0,"href":"https:\/\/www.fenaco-gof.ch\/fr\/wp-json\/wp\/v2\/posts\/4592\/revisions"}],"wp:attachment":[{"href":"https:\/\/www.fenaco-gof.ch\/fr\/wp-json\/wp\/v2\/media?parent=4592"}],"wp:term":[{"taxonomy":"category","embeddable":true,"href":"https:\/\/www.fenaco-gof.ch\/fr\/wp-json\/wp\/v2\/categories?post=4592"},{"taxonomy":"post_tag","embeddable":true,"href":"https:\/\/www.fenaco-gof.ch\/fr\/wp-json\/wp\/v2\/tags?post=4592"}],"curies":[{"name":"wp","href":"https:\/\/api.w.org\/{rel}","templated":true}]}}